{"id":36271,"date":"2021-09-16T10:39:33","date_gmt":"2021-09-16T08:39:33","guid":{"rendered":"https:\/\/shop.torricantine.com\/?p=36271"},"modified":"2024-06-18T15:19:36","modified_gmt":"2024-06-18T13:19:36","slug":"der-biologische-kreislauf-der-rebe","status":"publish","type":"post","link":"https:\/\/shop.torricantine.com\/de\/blog\/der-biologische-kreislauf-der-rebe\/","title":{"rendered":"Der biologische Kreislauf der Rebe"},"content":{"rendered":"\n<p>Artikel von <a href=\"https:\/\/www.instagram.com\/francesco.properzi\/\">Francesco Properzi Curti<\/a><\/p>\n\n\n\n<p class=\"has-text-align-justify\">Die Temperaturen steigen, die Tage werden l\u00e4nger und die kahlen Landschaften beginnen sich langsam in Licht- und Farbenf\u00e4cher zu verwandeln: p\u00fcnktlich ist der Fr\u00fchling zur\u00fcckgekehrt und alles um uns herum wird sch\u00f6ner und leuchtender.<\/p>\n\n\n\n<p class=\"has-text-align-justify\">In dieser Zeit merke ich, dass ein weiteres Jahr vergangen ist und die vegetative Welt in ihrer ganzen Pracht wieder zum Leben erweckt wurde.<\/p>\n\n\n\n<h4 class=\"wp-block-heading\" id=\"lebenszyklus\"><meta charset=\"utf-8\">Lebenszyklus <\/h4>\n\n\n\n<p class=\"has-text-align-justify\">Wie jede andere Pflanze hat auch die Rebe einen eigenen LEBENSZYKLUS, der in dem Moment beginnt, in dem die Aussaat stattfindet oder endet, wenn sie nicht mehr produzieren kann.<\/p>\n\n\n\n<p class=\"has-text-align-justify\">In den ersten zwei bis drei Lebensjahren ist die Pflanze noch nicht in der Lage die besten Fr\u00fcchte zu produzieren, aber ab dem dritten bis f\u00fcnften Lebensjahr wird sie es f\u00fcr die folgenden drei\u00dfig bis vierzig Jahre machen.<\/p>\n\n\n\n<p class=\"has-text-align-justify\">Dies ist keine Regel, da es sehr ertragreiche und qualitativ hochwertige Reben gibt, wie unseren Montepulciano d&#8217;Abruzzo DOCG von der Bak\u00e1n-Linie von Cantine Torri, der aus einer Rebe von Martinsicuro (TE) stammt und \u00fcber f\u00fcnfzig Jahre alt ist.<\/p>\n\n\n\n<p class=\"has-text-align-justify\">Ein reiner Montepulciano ist das Ergebnis einer selektiven Handlese Ende Oktober, gefolgt von: G\u00e4rung in Stahlbottichen, sechsmonatige Reifung in Betontanks, weitere achtzehn Monate in gro\u00dfen 50-hl-F\u00e4ssern, dann die Abf\u00fcllung unter Sauerstoffausschluss in die Glasflasche und zuletzt kommt die Verfeinerung f\u00fcr weitere sechs Monate in der Flasche.<\/p>\n\n\n\n<p class=\"has-text-align-justify\">Hieraus entsteht ein duftender Wein mit komplexem und raffiniertem Geschmack, mit einer weichen W\u00e4rme in perfekter Harmonie mit frischen und nicht-invasiven Tanninen, die einen anhaltenden und mineralischen Abgang vorwegnehmen.<\/p>\n\n\n\n<p class=\"has-text-align-justify\">Wenn Sie sich ein paar sch\u00f6ne, ger\u00e4umige Gl\u00e4ser besorgen, und Sie kurz warten nach dem \u00d6ffnen, damit dieser Wein sich in seiner ganzen Komplexit\u00e4t entfalten kann, und Sie die Temperatur von 18 Grad nicht \u00fcberschreiten, dann k\u00f6nnen Sie eine der besten Kombinationen von gut strukturierten und schmackhaften Gerichten genie\u00dfen.<\/p>\n\n\n\n<p class=\"has-text-align-justify\">W\u00e4hrend seines langen Lebens (Lebenszyklus), durchl\u00e4uft die Rebe j\u00e4hrlich drei zyklische ph\u00e4nologische Phasen: eine ruhige \u2013 eine vegetative \u2013 eine produktive Phase.<\/p>\n\n\n\n<h4 class=\"wp-block-heading\" id=\"ruhephase\"><meta charset=\"utf-8\">Ruhephase<\/h4>\n\n\n\n<p class=\"has-text-align-justify\">Die Ruhephase, die im Winter unmittelbar nach der Ernte stattfindet, dauert von den ersten Dezembertagen bis Mitte M\u00e4rz.<\/p>\n\n\n\n<p class=\"has-text-align-justify\">Behutsam versetzt sich die Pflanze in einen Zustand der Inaktivit\u00e4t, des Selbstschutzes, indem sie die schm\u00fcckenden Fr\u00fcchte und Bl\u00e4tter abstreift und lebenswichtige Funktionen auf ein Minimum reduziert. Diese Funktionen werden erst nach der R\u00fcckkehr des Sommers und der daraus resultierenden Temperaturerh\u00f6hung wiederhergestellt.<\/p>\n\n\n\n<p class=\"has-text-align-justify\">In dieser Phase durchl\u00e4uft die Pflanze den sogenannten &#8220; Winterschnitt &#8222;, der verwendet wird, um die Anzahl der Knospen zu bestimmen, die die folgenden Cluster bilden: 7-10 Knospen f\u00fcr jeden Trieb, wenn das Produktionsziel Qualit\u00e4t ist, und 15-25 wenn Quantit\u00e4t das Ziel ist.<\/p>\n\n\n\n<h4 class=\"wp-block-heading\" id=\"die-vegetative-phase\"><meta charset=\"utf-8\">Die vegetative Phase<\/h4>\n\n\n\n<p>Die vegetative Phase oder Knospung oder das \u00d6ffnen der Knospen, die jedes Fr\u00fchjahr zwischen M\u00e4rz und April stattfindet, ist durch die metaphorische \u201eDas Weinen der Rebe\u201c bekannt, da Safttropfen an den Stellen austreten, an denen der Schnitt durchgef\u00fchrt wurde.<\/p>\n\n\n\n<p class=\"has-text-align-justify\">Dieses Ph\u00e4nomen ist auf die Reaktivierung des Lymphsystems (Zuckerstoffwechsel und Zellaktivit\u00e4t) infolge des Temperaturanstiegs und der daraus folgenden Erw\u00e4rmung des Bodens zur\u00fcckzuf\u00fchren.<\/p>\n\n\n\n<p>Es ist unbedingt notwendig, die Traumata der Rebe nach dem Winterschnitt zu heilen.<\/p>\n\n\n\n<p>Es gibt drei Arten von Knospen:<\/p>\n\n\n\n<p>&#8211; die fertige oder Sommerknospen, die nur unproduktive Zweige (weiblich) hervorbringen;<\/p>\n\n\n\n<p>&#8211; ruhende oder \u00fcberwinternde Knospen, die sich erst im folgenden Fr\u00fchjahr \u00f6ffnen, um Knospen mit Blumen und Fr\u00fcchten zu produzieren;<\/p>\n\n\n\n<p class=\"has-text-align-justify\">&#8211; die latenten Knospen, die auch f\u00fcr mehrere Jahre inaktiv bleiben und sich nur im Bedarfsfall \u00f6ffnen, beispielsweise nach einem Frost, um unproduktive Zweige, sogenannte Saugn\u00e4pfe, hervorzubringen.<\/p>\n\n\n\n<h2 class=\"wp-block-heading\" id=\"die-produktionsphase\"><meta charset=\"utf-8\">Die Produktionsphase<\/h2>\n\n\n\n<p>Die Produktionsphase, in der die Pflanze sprie\u00dft, die Bl\u00e4tter anlegt und die Fr\u00fcchte reifen l\u00e4sst.<\/p>\n\n\n\n<p>Das ist die Bildung der ersten Bl\u00fcten aus den St\u00e4ngeln dank des Pollentransports durch den Wind (Best\u00e4ubung).<\/p>\n\n\n\n<p class=\"has-text-align-justify\">In dieser Zeit fahren wir mit mindestens zwei weiteren Schnitten fort, doch diesmal hei\u00dft es \u201egr\u00fcner Schnitt\u201c, der die Aufgabe hat, der Rebe und ihren Knospen eine Form zu geben und sie von den Bl\u00e4ttern zu reinigen, die ihre Bel\u00fcftung behindern w\u00fcrden.<\/p>\n\n\n\n<ul class=\"wp-block-list\"><li>Der Fruchtansatz geschieht im Juli, das hei\u00dft dass ein Teil der Bl\u00fcten (ca. 20%) in Fr\u00fcchte (Beeren) umgewandelt werden.<\/li><li>dann, zwischen Juli und August, kommt es zur Reifung der Fr\u00fcchte, die gr\u00f6\u00dfer werden und beginnen sich je nach Traubensorte gelb oder rot zu f\u00e4rben.<\/li><\/ul>\n\n\n\n<p>In der Praxis werden die Trauben beginnen, Wasser zu speichern, obwohl sie zu diesem Zeitpunkt reich an S\u00e4ure und wenig an Zucker sind;<\/p>\n\n\n\n<ul class=\"wp-block-list\"><li>Von dieser letzten Phase bis zur Ernte kommt es in den n\u00e4chsten Monaten zur eigentlichen Reifung der Trauben, mit weiterem Wachstum der Fr\u00fcchte, einer Zunahme des Zuckers und der extraktiven Substanzen im Fruchtfleisch und der Intensit\u00e4t der F\u00e4rbung der Schalen.<\/li><\/ul>\n\n\n\n<p class=\"has-text-align-justify\">An den Trauben erkennt man eine hefereiche wei\u00dfe Substanz, der sogenannte Duftfilm, der mitverantwortlich f\u00fcr die G\u00e4rung des Weines ist und deren Aufgabe es ist, die Traube vor ung\u00fcnstigen atmosph\u00e4rischen Einfl\u00fcssen zu sch\u00fctzen.<\/p>\n\n\n\n<ul class=\"wp-block-list\"><li>zwischen Juli und August findet die Reifung der Beeren statt, die Wasser ansammelt, den Zucker und die extraktiven Substanzen des Fruchtfleisches konzentriert, w\u00e4hrend die Schale gelb oder blau wird.<\/li><li>zwischen August und Oktober reifen die Trauben. Sogar die Ernte kann unabh\u00e4ngig von den Eigenschaften der Rebe, je nach Gesch\u00e4ftsstrategie oder den gew\u00fcnschten Eigenschaften des Weins, fr\u00fch oder sp\u00e4t erfolgen.<\/li><\/ul>\n\n\n\n<p class=\"has-text-align-justify\">In dieser Phase bereitet sich die Rebe erneut darauf vor, die in den letzten Monaten erarbeiteten N\u00e4hrstoffe anzusammeln, um sie als Reserve f\u00fcr eine neue Ruhephase zu verwenden.<\/p>\n\n\n\n<p>Guten Wein allerseits!<\/p>\n","protected":false},"excerpt":{"rendered":"<p>Artikel von Francesco Properzi Curti Die Temperaturen steigen, die Tage werden l\u00e4nger und die kahlen Landschaften beginnen sich langsam in Licht- und Farbenf\u00e4cher zu verwandeln: p\u00fcnktlich ist der Fr\u00fchling zur\u00fcckgekehrt und alles um uns herum wird sch\u00f6ner und leuchtender. In dieser Zeit merke ich, dass ein weiteres Jahr vergangen ist und die vegetative Welt in [&#8230;]\n","protected":false},"author":216,"featured_media":36272,"comment_status":"closed","ping_status":"open","sticky":false,"template":"","format":"standard","meta":{"footnotes":""},"categories":[327],"tags":[351],"class_list":["post-36271","post","type-post","status-publish","format-standard","has-post-thumbnail","hentry","category-anmerkungen-des-sommeliers","tag-biologische-kreislauf"],"yoast_head":"<!-- This site is optimized with the Yoast SEO plugin v27.5 - https:\/\/yoast.com\/product\/yoast-seo-wordpress\/ -->\n<title>Der biologische Kreislauf der Rebe | Torri Cantine Store<\/title>\n<meta name=\"description\" content=\"Die Temperaturen steigen, die Tage werden l\u00e4nger und die kahlen Landschaften beginnen sich langsam in Licht- und Farbenf\u00e4cher zu verwandeln...\" \/>\n<meta name=\"robots\" content=\"index, follow, max-snippet:-1, max-image-preview:large, max-video-preview:-1\" \/>\n<link rel=\"canonical\" href=\"https:\/\/shop.torricantine.com\/de\/blog\/der-biologische-kreislauf-der-rebe\/\" \/>\n<meta property=\"og:locale\" content=\"de_DE\" \/>\n<meta property=\"og:type\" content=\"article\" \/>\n<meta property=\"og:title\" content=\"Der biologische Kreislauf der Rebe | Torri Cantine Store\" \/>\n<meta property=\"og:description\" content=\"Die Temperaturen steigen, die Tage werden l\u00e4nger und die kahlen Landschaften beginnen sich langsam in Licht- und Farbenf\u00e4cher zu verwandeln...\" \/>\n<meta property=\"og:url\" content=\"https:\/\/shop.torricantine.com\/de\/blog\/der-biologische-kreislauf-der-rebe\/\" \/>\n<meta property=\"og:site_name\" content=\"Torri Cantine Store COM\" \/>\n<meta property=\"article:published_time\" content=\"2021-09-16T08:39:33+00:00\" \/>\n<meta property=\"article:modified_time\" content=\"2024-06-18T13:19:36+00:00\" \/>\n<meta property=\"og:image\" content=\"https:\/\/shop.torricantine.com\/wp-content\/uploads\/2021\/09\/passerina-1.jpeg\" \/>\n\t<meta property=\"og:image:width\" content=\"1600\" \/>\n\t<meta property=\"og:image:height\" content=\"720\" \/>\n\t<meta property=\"og:image:type\" content=\"image\/jpeg\" \/>\n<meta name=\"author\" content=\"Francesco Properzi Curti\" \/>\n<meta name=\"twitter:card\" content=\"summary_large_image\" \/>\n<meta name=\"twitter:label1\" content=\"Verfasst von\" \/>\n\t<meta name=\"twitter:data1\" content=\"Francesco Properzi Curti\" \/>\n\t<meta name=\"twitter:label2\" content=\"Gesch\u00e4tzte Lesezeit\" \/>\n\t<meta name=\"twitter:data2\" content=\"5\u00a0Minuten\" \/>\n<script type=\"application\/ld+json\" class=\"yoast-schema-graph\">{\"@context\":\"https:\\\/\\\/schema.org\",\"@graph\":[{\"@type\":\"Article\",\"@id\":\"https:\\\/\\\/shop.torricantine.com\\\/de\\\/blog\\\/der-biologische-kreislauf-der-rebe\\\/#article\",\"isPartOf\":{\"@id\":\"https:\\\/\\\/shop.torricantine.com\\\/de\\\/blog\\\/der-biologische-kreislauf-der-rebe\\\/\"},\"author\":{\"name\":\"Francesco Properzi Curti\",\"@id\":\"https:\\\/\\\/shop.torricantine.com\\\/de\\\/#\\\/schema\\\/person\\\/ccbed33468e1075084ce0e022224f77d\"},\"headline\":\"Der biologische Kreislauf der Rebe\",\"datePublished\":\"2021-09-16T08:39:33+00:00\",\"dateModified\":\"2024-06-18T13:19:36+00:00\",\"mainEntityOfPage\":{\"@id\":\"https:\\\/\\\/shop.torricantine.com\\\/de\\\/blog\\\/der-biologische-kreislauf-der-rebe\\\/\"},\"wordCount\":955,\"publisher\":{\"@id\":\"https:\\\/\\\/shop.torricantine.com\\\/de\\\/#organization\"},\"image\":{\"@id\":\"https:\\\/\\\/shop.torricantine.com\\\/de\\\/blog\\\/der-biologische-kreislauf-der-rebe\\\/#primaryimage\"},\"thumbnailUrl\":\"https:\\\/\\\/shop.torricantine.com\\\/wp-content\\\/uploads\\\/2021\\\/09\\\/passerina-1.jpeg\",\"keywords\":[\"biologische Kreislauf\"],\"articleSection\":[\"Anmerkungen des Sommeliers\"],\"inLanguage\":\"de\"},{\"@type\":\"WebPage\",\"@id\":\"https:\\\/\\\/shop.torricantine.com\\\/de\\\/blog\\\/der-biologische-kreislauf-der-rebe\\\/\",\"url\":\"https:\\\/\\\/shop.torricantine.com\\\/de\\\/blog\\\/der-biologische-kreislauf-der-rebe\\\/\",\"name\":\"Der biologische Kreislauf der Rebe | Torri Cantine Store\",\"isPartOf\":{\"@id\":\"https:\\\/\\\/shop.torricantine.com\\\/de\\\/#website\"},\"primaryImageOfPage\":{\"@id\":\"https:\\\/\\\/shop.torricantine.com\\\/de\\\/blog\\\/der-biologische-kreislauf-der-rebe\\\/#primaryimage\"},\"image\":{\"@id\":\"https:\\\/\\\/shop.torricantine.com\\\/de\\\/blog\\\/der-biologische-kreislauf-der-rebe\\\/#primaryimage\"},\"thumbnailUrl\":\"https:\\\/\\\/shop.torricantine.com\\\/wp-content\\\/uploads\\\/2021\\\/09\\\/passerina-1.jpeg\",\"datePublished\":\"2021-09-16T08:39:33+00:00\",\"dateModified\":\"2024-06-18T13:19:36+00:00\",\"description\":\"Die Temperaturen steigen, die Tage werden l\u00e4nger und die kahlen Landschaften beginnen sich langsam in Licht- und Farbenf\u00e4cher zu verwandeln...\",\"breadcrumb\":{\"@id\":\"https:\\\/\\\/shop.torricantine.com\\\/de\\\/blog\\\/der-biologische-kreislauf-der-rebe\\\/#breadcrumb\"},\"inLanguage\":\"de\",\"potentialAction\":[{\"@type\":\"ReadAction\",\"target\":[\"https:\\\/\\\/shop.torricantine.com\\\/de\\\/blog\\\/der-biologische-kreislauf-der-rebe\\\/\"]}]},{\"@type\":\"ImageObject\",\"inLanguage\":\"de\",\"@id\":\"https:\\\/\\\/shop.torricantine.com\\\/de\\\/blog\\\/der-biologische-kreislauf-der-rebe\\\/#primaryimage\",\"url\":\"https:\\\/\\\/shop.torricantine.com\\\/wp-content\\\/uploads\\\/2021\\\/09\\\/passerina-1.jpeg\",\"contentUrl\":\"https:\\\/\\\/shop.torricantine.com\\\/wp-content\\\/uploads\\\/2021\\\/09\\\/passerina-1.jpeg\",\"width\":1600,\"height\":720,\"caption\":\"biologische_kreislauf_rebe\"},{\"@type\":\"BreadcrumbList\",\"@id\":\"https:\\\/\\\/shop.torricantine.com\\\/de\\\/blog\\\/der-biologische-kreislauf-der-rebe\\\/#breadcrumb\",\"itemListElement\":[{\"@type\":\"ListItem\",\"position\":1,\"name\":\"Home\",\"item\":\"https:\\\/\\\/shop.torricantine.com\\\/de\\\/\"},{\"@type\":\"ListItem\",\"position\":2,\"name\":\"Der biologische Kreislauf der Rebe\"}]},{\"@type\":\"WebSite\",\"@id\":\"https:\\\/\\\/shop.torricantine.com\\\/de\\\/#website\",\"url\":\"https:\\\/\\\/shop.torricantine.com\\\/de\\\/\",\"name\":\"Torri Cantine Store COM\",\"description\":\"Online store of our winery in Italy\",\"publisher\":{\"@id\":\"https:\\\/\\\/shop.torricantine.com\\\/de\\\/#organization\"},\"potentialAction\":[{\"@type\":\"SearchAction\",\"target\":{\"@type\":\"EntryPoint\",\"urlTemplate\":\"https:\\\/\\\/shop.torricantine.com\\\/de\\\/?s={search_term_string}\"},\"query-input\":{\"@type\":\"PropertyValueSpecification\",\"valueRequired\":true,\"valueName\":\"search_term_string\"}}],\"inLanguage\":\"de\"},{\"@type\":\"Organization\",\"@id\":\"https:\\\/\\\/shop.torricantine.com\\\/de\\\/#organization\",\"name\":\"Torri Cantine\",\"url\":\"https:\\\/\\\/shop.torricantine.com\\\/de\\\/\",\"logo\":{\"@type\":\"ImageObject\",\"inLanguage\":\"de\",\"@id\":\"https:\\\/\\\/shop.torricantine.com\\\/de\\\/#\\\/schema\\\/logo\\\/image\\\/\",\"url\":\"https:\\\/\\\/shop.torricantine.com\\\/wp-content\\\/uploads\\\/2020\\\/04\\\/torri-store-logo_text.png\",\"contentUrl\":\"https:\\\/\\\/shop.torricantine.com\\\/wp-content\\\/uploads\\\/2020\\\/04\\\/torri-store-logo_text.png\",\"width\":289,\"height\":361,\"caption\":\"Torri Cantine\"},\"image\":{\"@id\":\"https:\\\/\\\/shop.torricantine.com\\\/de\\\/#\\\/schema\\\/logo\\\/image\\\/\"}},{\"@type\":\"Person\",\"@id\":\"https:\\\/\\\/shop.torricantine.com\\\/de\\\/#\\\/schema\\\/person\\\/ccbed33468e1075084ce0e022224f77d\",\"name\":\"Francesco Properzi Curti\",\"image\":{\"@type\":\"ImageObject\",\"inLanguage\":\"de\",\"@id\":\"https:\\\/\\\/shop.torricantine.com\\\/wp-content\\\/litespeed\\\/avatar\\\/63125d59e78b6f8461b2600d03244fd5.jpg?ver=1777337370\",\"url\":\"https:\\\/\\\/shop.torricantine.com\\\/wp-content\\\/litespeed\\\/avatar\\\/63125d59e78b6f8461b2600d03244fd5.jpg?ver=1777337370\",\"contentUrl\":\"https:\\\/\\\/shop.torricantine.com\\\/wp-content\\\/litespeed\\\/avatar\\\/63125d59e78b6f8461b2600d03244fd5.jpg?ver=1777337370\",\"caption\":\"Francesco Properzi Curti\"},\"description\":\"Sommelier &amp; Wine Specialist\",\"url\":\"https:\\\/\\\/shop.torricantine.com\\\/de\\\/blog\\\/author\\\/francescoproperzicurti\\\/\"}]}<\/script>\n<!-- \/ Yoast SEO plugin. -->","yoast_head_json":{"title":"Der biologische Kreislauf der Rebe | Torri Cantine Store","description":"Die Temperaturen steigen, die Tage werden l\u00e4nger und die kahlen Landschaften beginnen sich langsam in Licht- und Farbenf\u00e4cher zu verwandeln...","robots":{"index":"index","follow":"follow","max-snippet":"max-snippet:-1","max-image-preview":"max-image-preview:large","max-video-preview":"max-video-preview:-1"},"canonical":"https:\/\/shop.torricantine.com\/de\/blog\/der-biologische-kreislauf-der-rebe\/","og_locale":"de_DE","og_type":"article","og_title":"Der biologische Kreislauf der Rebe | Torri Cantine Store","og_description":"Die Temperaturen steigen, die Tage werden l\u00e4nger und die kahlen Landschaften beginnen sich langsam in Licht- und Farbenf\u00e4cher zu verwandeln...","og_url":"https:\/\/shop.torricantine.com\/de\/blog\/der-biologische-kreislauf-der-rebe\/","og_site_name":"Torri Cantine Store COM","article_published_time":"2021-09-16T08:39:33+00:00","article_modified_time":"2024-06-18T13:19:36+00:00","og_image":[{"width":1600,"height":720,"url":"https:\/\/shop.torricantine.com\/wp-content\/uploads\/2021\/09\/passerina-1.jpeg","type":"image\/jpeg"}],"author":"Francesco Properzi Curti","twitter_card":"summary_large_image","twitter_misc":{"Verfasst von":"Francesco Properzi Curti","Gesch\u00e4tzte Lesezeit":"5\u00a0Minuten"},"schema":{"@context":"https:\/\/schema.org","@graph":[{"@type":"Article","@id":"https:\/\/shop.torricantine.com\/de\/blog\/der-biologische-kreislauf-der-rebe\/#article","isPartOf":{"@id":"https:\/\/shop.torricantine.com\/de\/blog\/der-biologische-kreislauf-der-rebe\/"},"author":{"name":"Francesco Properzi Curti","@id":"https:\/\/shop.torricantine.com\/de\/#\/schema\/person\/ccbed33468e1075084ce0e022224f77d"},"headline":"Der biologische Kreislauf der Rebe","datePublished":"2021-09-16T08:39:33+00:00","dateModified":"2024-06-18T13:19:36+00:00","mainEntityOfPage":{"@id":"https:\/\/shop.torricantine.com\/de\/blog\/der-biologische-kreislauf-der-rebe\/"},"wordCount":955,"publisher":{"@id":"https:\/\/shop.torricantine.com\/de\/#organization"},"image":{"@id":"https:\/\/shop.torricantine.com\/de\/blog\/der-biologische-kreislauf-der-rebe\/#primaryimage"},"thumbnailUrl":"https:\/\/shop.torricantine.com\/wp-content\/uploads\/2021\/09\/passerina-1.jpeg","keywords":["biologische Kreislauf"],"articleSection":["Anmerkungen des Sommeliers"],"inLanguage":"de"},{"@type":"WebPage","@id":"https:\/\/shop.torricantine.com\/de\/blog\/der-biologische-kreislauf-der-rebe\/","url":"https:\/\/shop.torricantine.com\/de\/blog\/der-biologische-kreislauf-der-rebe\/","name":"Der biologische Kreislauf der Rebe | Torri Cantine Store","isPartOf":{"@id":"https:\/\/shop.torricantine.com\/de\/#website"},"primaryImageOfPage":{"@id":"https:\/\/shop.torricantine.com\/de\/blog\/der-biologische-kreislauf-der-rebe\/#primaryimage"},"image":{"@id":"https:\/\/shop.torricantine.com\/de\/blog\/der-biologische-kreislauf-der-rebe\/#primaryimage"},"thumbnailUrl":"https:\/\/shop.torricantine.com\/wp-content\/uploads\/2021\/09\/passerina-1.jpeg","datePublished":"2021-09-16T08:39:33+00:00","dateModified":"2024-06-18T13:19:36+00:00","description":"Die Temperaturen steigen, die Tage werden l\u00e4nger und die kahlen Landschaften beginnen sich langsam in Licht- und Farbenf\u00e4cher zu verwandeln...","breadcrumb":{"@id":"https:\/\/shop.torricantine.com\/de\/blog\/der-biologische-kreislauf-der-rebe\/#breadcrumb"},"inLanguage":"de","potentialAction":[{"@type":"ReadAction","target":["https:\/\/shop.torricantine.com\/de\/blog\/der-biologische-kreislauf-der-rebe\/"]}]},{"@type":"ImageObject","inLanguage":"de","@id":"https:\/\/shop.torricantine.com\/de\/blog\/der-biologische-kreislauf-der-rebe\/#primaryimage","url":"https:\/\/shop.torricantine.com\/wp-content\/uploads\/2021\/09\/passerina-1.jpeg","contentUrl":"https:\/\/shop.torricantine.com\/wp-content\/uploads\/2021\/09\/passerina-1.jpeg","width":1600,"height":720,"caption":"biologische_kreislauf_rebe"},{"@type":"BreadcrumbList","@id":"https:\/\/shop.torricantine.com\/de\/blog\/der-biologische-kreislauf-der-rebe\/#breadcrumb","itemListElement":[{"@type":"ListItem","position":1,"name":"Home","item":"https:\/\/shop.torricantine.com\/de\/"},{"@type":"ListItem","position":2,"name":"Der biologische Kreislauf der Rebe"}]},{"@type":"WebSite","@id":"https:\/\/shop.torricantine.com\/de\/#website","url":"https:\/\/shop.torricantine.com\/de\/","name":"Torri Cantine Store COM","description":"Online store of our winery in Italy","publisher":{"@id":"https:\/\/shop.torricantine.com\/de\/#organization"},"potentialAction":[{"@type":"SearchAction","target":{"@type":"EntryPoint","urlTemplate":"https:\/\/shop.torricantine.com\/de\/?s={search_term_string}"},"query-input":{"@type":"PropertyValueSpecification","valueRequired":true,"valueName":"search_term_string"}}],"inLanguage":"de"},{"@type":"Organization","@id":"https:\/\/shop.torricantine.com\/de\/#organization","name":"Torri Cantine","url":"https:\/\/shop.torricantine.com\/de\/","logo":{"@type":"ImageObject","inLanguage":"de","@id":"https:\/\/shop.torricantine.com\/de\/#\/schema\/logo\/image\/","url":"https:\/\/shop.torricantine.com\/wp-content\/uploads\/2020\/04\/torri-store-logo_text.png","contentUrl":"https:\/\/shop.torricantine.com\/wp-content\/uploads\/2020\/04\/torri-store-logo_text.png","width":289,"height":361,"caption":"Torri Cantine"},"image":{"@id":"https:\/\/shop.torricantine.com\/de\/#\/schema\/logo\/image\/"}},{"@type":"Person","@id":"https:\/\/shop.torricantine.com\/de\/#\/schema\/person\/ccbed33468e1075084ce0e022224f77d","name":"Francesco Properzi Curti","image":{"@type":"ImageObject","inLanguage":"de","@id":"https:\/\/shop.torricantine.com\/wp-content\/litespeed\/avatar\/63125d59e78b6f8461b2600d03244fd5.jpg?ver=1777337370","url":"https:\/\/shop.torricantine.com\/wp-content\/litespeed\/avatar\/63125d59e78b6f8461b2600d03244fd5.jpg?ver=1777337370","contentUrl":"https:\/\/shop.torricantine.com\/wp-content\/litespeed\/avatar\/63125d59e78b6f8461b2600d03244fd5.jpg?ver=1777337370","caption":"Francesco Properzi Curti"},"description":"Sommelier &amp; Wine Specialist","url":"https:\/\/shop.torricantine.com\/de\/blog\/author\/francescoproperzicurti\/"}]}},"jetpack_featured_media_url":"https:\/\/shop.torricantine.com\/wp-content\/uploads\/2021\/09\/passerina-1.jpeg","_links":{"self":[{"href":"https:\/\/shop.torricantine.com\/de\/wp-json\/wp\/v2\/posts\/36271","targetHints":{"allow":["GET"]}}],"collection":[{"href":"https:\/\/shop.torricantine.com\/de\/wp-json\/wp\/v2\/posts"}],"about":[{"href":"https:\/\/shop.torricantine.com\/de\/wp-json\/wp\/v2\/types\/post"}],"author":[{"embeddable":true,"href":"https:\/\/shop.torricantine.com\/de\/wp-json\/wp\/v2\/users\/216"}],"replies":[{"embeddable":true,"href":"https:\/\/shop.torricantine.com\/de\/wp-json\/wp\/v2\/comments?post=36271"}],"version-history":[{"count":0,"href":"https:\/\/shop.torricantine.com\/de\/wp-json\/wp\/v2\/posts\/36271\/revisions"}],"wp:featuredmedia":[{"embeddable":true,"href":"https:\/\/shop.torricantine.com\/de\/wp-json\/wp\/v2\/media\/36272"}],"wp:attachment":[{"href":"https:\/\/shop.torricantine.com\/de\/wp-json\/wp\/v2\/media?parent=36271"}],"wp:term":[{"taxonomy":"category","embeddable":true,"href":"https:\/\/shop.torricantine.com\/de\/wp-json\/wp\/v2\/categories?post=36271"},{"taxonomy":"post_tag","embeddable":true,"href":"https:\/\/shop.torricantine.com\/de\/wp-json\/wp\/v2\/tags?post=36271"}],"curies":[{"name":"wp","href":"https:\/\/api.w.org\/{rel}","templated":true}]}}